{"id":13105,"date":"2025-06-20T07:56:33","date_gmt":"2025-06-20T05:56:33","guid":{"rendered":"https:\/\/acsyslaser.com\/?p=13105"},"modified":"2025-07-14T13:52:29","modified_gmt":"2025-07-14T11:52:29","slug":"acsys-a-la-rencontre-estivale-de-leconomie-saxonne","status":"publish","type":"post","link":"https:\/\/acsyslaser.com\/fr\/non-classifiee\/acsys-a-la-rencontre-estivale-de-leconomie-saxonne\/","title":{"rendered":"ACSYS \u00e0 la rencontre estivale de l\u2019\u00e9conomie saxonne"},"content":{"rendered":"\n<div class=\"wp-block-group alignfull has-global-padding is-layout-constrained wp-block-group-is-layout-constrained\">\n<div class=\"wp-block-group alignfull has-global-padding is-layout-constrained wp-block-group-is-layout-constrained\" style=\"margin-bottom:var(--wp--preset--spacing--60)\">\n<div class=\"wp-block-cover alignfull is-light is-style-mask-bottom\" style=\"min-height:50vh;aspect-ratio:unset;\"><img loading=\"lazy\" decoding=\"async\" width=\"1920\" height=\"636\" class=\"wp-block-cover__image-background wp-image-13165 size-full\" alt=\"ACSYS -Rencontre estivale de l\u2019\u00e9conomie saxonne 2025 \u00e0 Mittweida : vivre l\u2019industrie en transition de pr\u00e8s\" src=\"https:\/\/acsyslaser.com\/wp-content\/uploads\/kollage-Online-Website.jpg\" data-object-fit=\"cover\" srcset=\"https:\/\/acsyslaser.com\/wp-content\/uploads\/kollage-Online-Website.jpg 1920w, https:\/\/acsyslaser.com\/wp-content\/uploads\/kollage-Online-Website-300x99.jpg 300w, https:\/\/acsyslaser.com\/wp-content\/uploads\/kollage-Online-Website-1024x339.jpg 1024w, https:\/\/acsyslaser.com\/wp-content\/uploads\/kollage-Online-Website-768x254.jpg 768w, https:\/\/acsyslaser.com\/wp-content\/uploads\/kollage-Online-Website-1536x509.jpg 1536w\" sizes=\"auto, (max-width: 1920px) 100vw, 1920px\" \/><span aria-hidden=\"true\" class=\"wp-block-cover__background has-background-dim-0 has-background-dim\" style=\"background-color:#a9aba6\"><\/span><div class=\"wp-block-cover__inner-container is-layout-flow wp-block-cover-is-layout-flow\">\n<p class=\"has-text-align-center has-large-font-size\"><\/p>\n<\/div><\/div>\n<\/div>\n\n\n\n<div class=\"wp-block-group alignwide has-global-padding is-layout-constrained wp-container-core-group-is-layout-276bbe63 wp-block-group-is-layout-constrained\" style=\"margin-bottom:var(--wp--preset--spacing--70);padding-right:var(--wp--preset--spacing--30);padding-left:var(--wp--preset--spacing--30)\">\n<h1 class=\"wp-block-heading\">Industrie en transition<\/h1>\n\n\n\n<p><\/p>\n\n\n\n<p>Rencontre estivale de l\u2019\u00e9conomie saxonne 2025 \u00e0 Mittweida<\/p>\n\n\n\n<p>Le 12 juin 2025, la rencontre estivale annuelle de l\u2019\u00e9conomie saxonne s\u2019est tenue \u00e0 Mittweida, sous le th\u00e8me central \u00ab Industrie en transition \u00bb. De nombreux repr\u00e9sentants et repr\u00e9sentantes du monde \u00e9conomique et de la recherche se sont r\u00e9unis pour \u00e9changer autour des d\u00e9fis actuels, des innovations durables et des perspectives d\u2019avenir du secteur industriel.<\/p>\n\n\n\n<p>Un moment fort de l\u2019\u00e9v\u00e9nement fut la possibilit\u00e9 de visiter des entreprises s\u00e9lectionn\u00e9es sur place. Nous, chez ACSYS, avons eu l\u2019honneur d\u2019\u00eatre l\u2019un des sites de visite et de participer \u00e0 ce rendez-vous inspirant. Nos visiteurs ont pu d\u00e9couvrir en exclusivit\u00e9 nos technologies, nos processus, ainsi que notre vision d\u2019une \u00e9conomie tourn\u00e9e vers l\u2019avenir et solidement ancr\u00e9e dans sa r\u00e9gion.<\/p>\n\n\n\n<p>Les \u00e9changes autour de la transformation industrielle, notamment dans les PME, ont \u00e9t\u00e9 marqu\u00e9s par une grande ouverture, un int\u00e9r\u00eat mutuel et une volont\u00e9 commune de garantir l\u2019avenir de l\u2019\u00e9conomie saxonne.<\/p>\n\n\n\n<p><strong>La Saxe prouve qu\u2019avec des id\u00e9es, du courage et une capacit\u00e9 d\u2019innovation, il est possible de fa\u00e7onner activement le changement.<\/strong><\/p>\n\n\n\n<p>Nous adressons nos plus sinc\u00e8res remerciements \u00e0 tous les participants, organisateurs et partenaires pour cette journ\u00e9e r\u00e9ussie, riche en dialogues, en perspectives et en nouvelles impulsions. Cette rencontre estivale a une fois de plus d\u00e9montr\u00e9 la valeur des r\u00e9seaux r\u00e9gionaux pour une transformation industrielle durable.<\/p>\n\n\n\n<p>Nous nous r\u00e9jouissons des prochaines \u00e9tapes, de futures collaborations passionnantes et d\u2019initiatives communes \u00e0 venir en Saxe !<\/p>\n<\/div>\n\n\n\n<div class=\"wp-block-group alignfull is-style-overlapping-behind has-global-padding is-layout-constrained wp-container-core-group-is-layout-3730fa20 wp-block-group-is-layout-constrained\" style=\"margin-bottom:var(--wp--preset--spacing--60);padding-top:0;padding-right:0;padding-bottom:0;padding-left:0\">\n<div class=\"wp-block-group alignfull is-style-mask-top has-secondary-background-color has-background has-global-padding is-layout-constrained wp-block-group-is-layout-constrained\" style=\"margin-top:0;margin-bottom:0;padding-top:var(--wp--preset--spacing--70)\"><\/div>\n\n\n\n<div class=\"wp-block-group alignfull is-style-default has-secondary-background-color has-background has-global-padding is-layout-constrained wp-container-core-group-is-layout-9eb6751a wp-block-group-is-layout-constrained\" style=\"margin-top:0;margin-bottom:0;padding-top:var(--wp--preset--spacing--50);padding-right:var(--wp--preset--spacing--30);padding-bottom:var(--wp--preset--spacing--50);padding-left:var(--wp--preset--spacing--30)\">\n<h2 class=\"wp-block-heading has-text-align-center\">Vous cherchez un interlocuteur personnel ?<\/h2>\n\n\n\n<p class=\"has-text-align-center\">Nos experts ACSYS sont \u00e0 votre disposition pour r\u00e9pondre \u00e0 vos questions.<\/p>\n\n\n\n<div class=\"wp-block-buttons is-content-justification-center is-layout-flex wp-container-core-buttons-is-layout-a89b3969 wp-block-buttons-is-layout-flex\">\n<div class=\"wp-block-button\"><a class=\"wp-block-button__link has-text-align-center wp-element-button\" href=\"https:\/\/acsyslaser.com\/fr\/contacter\/personne-a-contacter\/\">Trouver un contact<\/a><\/div>\n<\/div>\n<\/div>\n<\/div>\n<\/div>\n","protected":false},"excerpt":{"rendered":"<p>ACSYS &#8211; Rencontre estivale de l\u2019\u00e9conomie saxonne 2025 \u00e0 Mittweida : vivre l\u2019industrie en transition de pr\u00e8s<\/p>\n","protected":false},"author":11,"featured_media":13165,"comment_status":"closed","ping_status":"closed","sticky":false,"template":"","format":"standard","meta":{"_acf_changed":false,"inline_featured_image":false,"footnotes":""},"categories":[174,191],"tags":[],"industry":[],"process":[],"class_list":["post-13105","post","type-post","status-publish","format-standard","has-post-thumbnail","hentry","category-non-classifiee","category-actualites-presse"],"acf":[],"yoast_head":"<!-- This site is optimized with the Yoast SEO plugin v26.9 - https:\/\/yoast.com\/product\/yoast-seo-wordpress\/ -->\n<title>ACSYS \u00e0 la rencontre estivale de l\u2019\u00e9conomie saxonne - ACSYS Lasertechnik GmbH<\/title>\n<meta name=\"description\" content=\"ACSYS \u00e0 la rencontre estivale de l\u2019\u00e9conomie saxonne 2025 \u00e0 Mittweida : Industrie en transition. En savoir plus!\" \/>\n<meta name=\"robots\" content=\"index, follow, max-snippet:-1, max-image-preview:large, max-video-preview:-1\" \/>\n<link rel=\"canonical\" href=\"https:\/\/acsyslaser.com\/fr\/non-classifiee\/acsys-a-la-rencontre-estivale-de-leconomie-saxonne\/\" \/>\n<meta property=\"og:locale\" content=\"fr_FR\" \/>\n<meta property=\"og:type\" content=\"article\" \/>\n<meta property=\"og:title\" content=\"ACSYS \u00e0 la rencontre estivale de l\u2019\u00e9conomie saxonne - ACSYS Lasertechnik GmbH\" \/>\n<meta property=\"og:description\" content=\"ACSYS \u00e0 la rencontre estivale de l\u2019\u00e9conomie saxonne 2025 \u00e0 Mittweida : Industrie en transition. En savoir plus!\" \/>\n<meta property=\"og:url\" content=\"https:\/\/acsyslaser.com\/fr\/non-classifiee\/acsys-a-la-rencontre-estivale-de-leconomie-saxonne\/\" \/>\n<meta property=\"og:site_name\" content=\"ACSYS Lasertechnik GmbH\" \/>\n<meta property=\"article:published_time\" content=\"2025-06-20T05:56:33+00:00\" \/>\n<meta property=\"article:modified_time\" content=\"2025-07-14T11:52:29+00:00\" \/>\n<meta property=\"og:image\" content=\"https:\/\/acsyslaser.com\/wp-content\/uploads\/DSC0062-scaled.jpg\" \/>\n\t<meta property=\"og:image:width\" content=\"2560\" \/>\n\t<meta property=\"og:image:height\" content=\"1707\" \/>\n\t<meta property=\"og:image:type\" content=\"image\/jpeg\" \/>\n<meta name=\"author\" content=\"Annika Ullmerich\" \/>\n<meta name=\"twitter:card\" content=\"summary_large_image\" \/>\n<meta name=\"twitter:label1\" content=\"\u00c9crit par\" \/>\n\t<meta name=\"twitter:data1\" content=\"Annika Ullmerich\" \/>\n\t<meta name=\"twitter:label2\" content=\"Dur\u00e9e de lecture estim\u00e9e\" \/>\n\t<meta name=\"twitter:data2\" content=\"2 minutes\" \/>\n<script type=\"application\/ld+json\" class=\"yoast-schema-graph\">{\"@context\":\"https:\/\/schema.org\",\"@graph\":[{\"@type\":\"Article\",\"@id\":\"https:\/\/acsyslaser.com\/fr\/non-classifiee\/acsys-a-la-rencontre-estivale-de-leconomie-saxonne\/#article\",\"isPartOf\":{\"@id\":\"https:\/\/acsyslaser.com\/fr\/non-classifiee\/acsys-a-la-rencontre-estivale-de-leconomie-saxonne\/\"},\"author\":{\"name\":\"Annika Ullmerich\",\"@id\":\"https:\/\/acsyslaser.com\/fr\/#\/schema\/person\/9ad54325528a2d211c9c0607dd508498\"},\"headline\":\"ACSYS \u00e0 la rencontre estivale de l\u2019\u00e9conomie saxonne\",\"datePublished\":\"2025-06-20T05:56:33+00:00\",\"dateModified\":\"2025-07-14T11:52:29+00:00\",\"mainEntityOfPage\":{\"@id\":\"https:\/\/acsyslaser.com\/fr\/non-classifiee\/acsys-a-la-rencontre-estivale-de-leconomie-saxonne\/\"},\"wordCount\":295,\"publisher\":{\"@id\":\"https:\/\/acsyslaser.com\/fr\/#organization\"},\"image\":{\"@id\":\"https:\/\/acsyslaser.com\/fr\/non-classifiee\/acsys-a-la-rencontre-estivale-de-leconomie-saxonne\/#primaryimage\"},\"thumbnailUrl\":\"https:\/\/acsyslaser.com\/wp-content\/uploads\/kollage-Online-Website.jpg\",\"articleSection\":[\"Non classifi\u00e9(e)\",\"Actualit\u00e9s &amp; Presse\"],\"inLanguage\":\"fr-FR\"},{\"@type\":\"WebPage\",\"@id\":\"https:\/\/acsyslaser.com\/fr\/non-classifiee\/acsys-a-la-rencontre-estivale-de-leconomie-saxonne\/\",\"url\":\"https:\/\/acsyslaser.com\/fr\/non-classifiee\/acsys-a-la-rencontre-estivale-de-leconomie-saxonne\/\",\"name\":\"ACSYS \u00e0 la rencontre estivale de l\u2019\u00e9conomie saxonne - ACSYS Lasertechnik GmbH\",\"isPartOf\":{\"@id\":\"https:\/\/acsyslaser.com\/fr\/#website\"},\"primaryImageOfPage\":{\"@id\":\"https:\/\/acsyslaser.com\/fr\/non-classifiee\/acsys-a-la-rencontre-estivale-de-leconomie-saxonne\/#primaryimage\"},\"image\":{\"@id\":\"https:\/\/acsyslaser.com\/fr\/non-classifiee\/acsys-a-la-rencontre-estivale-de-leconomie-saxonne\/#primaryimage\"},\"thumbnailUrl\":\"https:\/\/acsyslaser.com\/wp-content\/uploads\/kollage-Online-Website.jpg\",\"datePublished\":\"2025-06-20T05:56:33+00:00\",\"dateModified\":\"2025-07-14T11:52:29+00:00\",\"description\":\"ACSYS \u00e0 la rencontre estivale de l\u2019\u00e9conomie saxonne 2025 \u00e0 Mittweida : Industrie en transition. En savoir plus!\",\"breadcrumb\":{\"@id\":\"https:\/\/acsyslaser.com\/fr\/non-classifiee\/acsys-a-la-rencontre-estivale-de-leconomie-saxonne\/#breadcrumb\"},\"inLanguage\":\"fr-FR\",\"potentialAction\":[{\"@type\":\"ReadAction\",\"target\":[\"https:\/\/acsyslaser.com\/fr\/non-classifiee\/acsys-a-la-rencontre-estivale-de-leconomie-saxonne\/\"]}]},{\"@type\":\"ImageObject\",\"inLanguage\":\"fr-FR\",\"@id\":\"https:\/\/acsyslaser.com\/fr\/non-classifiee\/acsys-a-la-rencontre-estivale-de-leconomie-saxonne\/#primaryimage\",\"url\":\"https:\/\/acsyslaser.com\/wp-content\/uploads\/kollage-Online-Website.jpg\",\"contentUrl\":\"https:\/\/acsyslaser.com\/wp-content\/uploads\/kollage-Online-Website.jpg\",\"width\":1920,\"height\":636,\"caption\":\"ACSYS auf dem Sommertreff der s\u00e4chsischen Wirtschaft 2025\"},{\"@type\":\"BreadcrumbList\",\"@id\":\"https:\/\/acsyslaser.com\/fr\/non-classifiee\/acsys-a-la-rencontre-estivale-de-leconomie-saxonne\/#breadcrumb\",\"itemListElement\":[{\"@type\":\"ListItem\",\"position\":1,\"name\":\"Startseite\",\"item\":\"https:\/\/acsyslaser.com\/fr\/\"},{\"@type\":\"ListItem\",\"position\":2,\"name\":\"ACSYS \u00e0 la rencontre estivale de l\u2019\u00e9conomie saxonne\"}]},{\"@type\":\"WebSite\",\"@id\":\"https:\/\/acsyslaser.com\/fr\/#website\",\"url\":\"https:\/\/acsyslaser.com\/fr\/\",\"name\":\"ACSYS Lasertechnik GmbH\",\"description\":\"\",\"publisher\":{\"@id\":\"https:\/\/acsyslaser.com\/fr\/#organization\"},\"potentialAction\":[{\"@type\":\"SearchAction\",\"target\":{\"@type\":\"EntryPoint\",\"urlTemplate\":\"https:\/\/acsyslaser.com\/fr\/?s={search_term_string}\"},\"query-input\":{\"@type\":\"PropertyValueSpecification\",\"valueRequired\":true,\"valueName\":\"search_term_string\"}}],\"inLanguage\":\"fr-FR\"},{\"@type\":\"Organization\",\"@id\":\"https:\/\/acsyslaser.com\/fr\/#organization\",\"name\":\"ACSYS Lasertechnik GmbH\",\"url\":\"https:\/\/acsyslaser.com\/fr\/\",\"logo\":{\"@type\":\"ImageObject\",\"inLanguage\":\"fr-FR\",\"@id\":\"https:\/\/acsyslaser.com\/fr\/#\/schema\/logo\/image\/\",\"url\":\"https:\/\/acsyslaser.com\/wp-content\/uploads\/logo-acsys-100x20-1.png\",\"contentUrl\":\"https:\/\/acsyslaser.com\/wp-content\/uploads\/logo-acsys-100x20-1.png\",\"width\":100,\"height\":20,\"caption\":\"ACSYS Lasertechnik GmbH\"},\"image\":{\"@id\":\"https:\/\/acsyslaser.com\/fr\/#\/schema\/logo\/image\/\"},\"sameAs\":[\"https:\/\/de.linkedin.com\/company\/acsyslaser\",\"https:\/\/www.youtube.com\/user\/ACSYSLaser\"]},{\"@type\":\"Person\",\"@id\":\"https:\/\/acsyslaser.com\/fr\/#\/schema\/person\/9ad54325528a2d211c9c0607dd508498\",\"name\":\"Annika Ullmerich\",\"image\":{\"@type\":\"ImageObject\",\"inLanguage\":\"fr-FR\",\"@id\":\"https:\/\/acsyslaser.com\/fr\/#\/schema\/person\/image\/\",\"url\":\"https:\/\/secure.gravatar.com\/avatar\/801d0c0742a5756787312bde0163313bddd290b48dd72ea68a1a25e5f5aef0eb?s=96&d=mm&r=g\",\"contentUrl\":\"https:\/\/secure.gravatar.com\/avatar\/801d0c0742a5756787312bde0163313bddd290b48dd72ea68a1a25e5f5aef0eb?s=96&d=mm&r=g\",\"caption\":\"Annika Ullmerich\"}}]}<\/script>\n<!-- \/ Yoast SEO plugin. -->","yoast_head_json":{"title":"ACSYS \u00e0 la rencontre estivale de l\u2019\u00e9conomie saxonne - ACSYS Lasertechnik GmbH","description":"ACSYS \u00e0 la rencontre estivale de l\u2019\u00e9conomie saxonne 2025 \u00e0 Mittweida : Industrie en transition. En savoir plus!","robots":{"index":"index","follow":"follow","max-snippet":"max-snippet:-1","max-image-preview":"max-image-preview:large","max-video-preview":"max-video-preview:-1"},"canonical":"https:\/\/acsyslaser.com\/fr\/non-classifiee\/acsys-a-la-rencontre-estivale-de-leconomie-saxonne\/","og_locale":"fr_FR","og_type":"article","og_title":"ACSYS \u00e0 la rencontre estivale de l\u2019\u00e9conomie saxonne - ACSYS Lasertechnik GmbH","og_description":"ACSYS \u00e0 la rencontre estivale de l\u2019\u00e9conomie saxonne 2025 \u00e0 Mittweida : Industrie en transition. En savoir plus!","og_url":"https:\/\/acsyslaser.com\/fr\/non-classifiee\/acsys-a-la-rencontre-estivale-de-leconomie-saxonne\/","og_site_name":"ACSYS Lasertechnik GmbH","article_published_time":"2025-06-20T05:56:33+00:00","article_modified_time":"2025-07-14T11:52:29+00:00","og_image":[{"width":2560,"height":1707,"url":"https:\/\/acsyslaser.com\/wp-content\/uploads\/DSC0062-scaled.jpg","type":"image\/jpeg"}],"author":"Annika Ullmerich","twitter_card":"summary_large_image","twitter_misc":{"\u00c9crit par":"Annika Ullmerich","Dur\u00e9e de lecture estim\u00e9e":"2 minutes"},"schema":{"@context":"https:\/\/schema.org","@graph":[{"@type":"Article","@id":"https:\/\/acsyslaser.com\/fr\/non-classifiee\/acsys-a-la-rencontre-estivale-de-leconomie-saxonne\/#article","isPartOf":{"@id":"https:\/\/acsyslaser.com\/fr\/non-classifiee\/acsys-a-la-rencontre-estivale-de-leconomie-saxonne\/"},"author":{"name":"Annika Ullmerich","@id":"https:\/\/acsyslaser.com\/fr\/#\/schema\/person\/9ad54325528a2d211c9c0607dd508498"},"headline":"ACSYS \u00e0 la rencontre estivale de l\u2019\u00e9conomie saxonne","datePublished":"2025-06-20T05:56:33+00:00","dateModified":"2025-07-14T11:52:29+00:00","mainEntityOfPage":{"@id":"https:\/\/acsyslaser.com\/fr\/non-classifiee\/acsys-a-la-rencontre-estivale-de-leconomie-saxonne\/"},"wordCount":295,"publisher":{"@id":"https:\/\/acsyslaser.com\/fr\/#organization"},"image":{"@id":"https:\/\/acsyslaser.com\/fr\/non-classifiee\/acsys-a-la-rencontre-estivale-de-leconomie-saxonne\/#primaryimage"},"thumbnailUrl":"https:\/\/acsyslaser.com\/wp-content\/uploads\/kollage-Online-Website.jpg","articleSection":["Non classifi\u00e9(e)","Actualit\u00e9s &amp; Presse"],"inLanguage":"fr-FR"},{"@type":"WebPage","@id":"https:\/\/acsyslaser.com\/fr\/non-classifiee\/acsys-a-la-rencontre-estivale-de-leconomie-saxonne\/","url":"https:\/\/acsyslaser.com\/fr\/non-classifiee\/acsys-a-la-rencontre-estivale-de-leconomie-saxonne\/","name":"ACSYS \u00e0 la rencontre estivale de l\u2019\u00e9conomie saxonne - ACSYS Lasertechnik GmbH","isPartOf":{"@id":"https:\/\/acsyslaser.com\/fr\/#website"},"primaryImageOfPage":{"@id":"https:\/\/acsyslaser.com\/fr\/non-classifiee\/acsys-a-la-rencontre-estivale-de-leconomie-saxonne\/#primaryimage"},"image":{"@id":"https:\/\/acsyslaser.com\/fr\/non-classifiee\/acsys-a-la-rencontre-estivale-de-leconomie-saxonne\/#primaryimage"},"thumbnailUrl":"https:\/\/acsyslaser.com\/wp-content\/uploads\/kollage-Online-Website.jpg","datePublished":"2025-06-20T05:56:33+00:00","dateModified":"2025-07-14T11:52:29+00:00","description":"ACSYS \u00e0 la rencontre estivale de l\u2019\u00e9conomie saxonne 2025 \u00e0 Mittweida : Industrie en transition. En savoir plus!","breadcrumb":{"@id":"https:\/\/acsyslaser.com\/fr\/non-classifiee\/acsys-a-la-rencontre-estivale-de-leconomie-saxonne\/#breadcrumb"},"inLanguage":"fr-FR","potentialAction":[{"@type":"ReadAction","target":["https:\/\/acsyslaser.com\/fr\/non-classifiee\/acsys-a-la-rencontre-estivale-de-leconomie-saxonne\/"]}]},{"@type":"ImageObject","inLanguage":"fr-FR","@id":"https:\/\/acsyslaser.com\/fr\/non-classifiee\/acsys-a-la-rencontre-estivale-de-leconomie-saxonne\/#primaryimage","url":"https:\/\/acsyslaser.com\/wp-content\/uploads\/kollage-Online-Website.jpg","contentUrl":"https:\/\/acsyslaser.com\/wp-content\/uploads\/kollage-Online-Website.jpg","width":1920,"height":636,"caption":"ACSYS auf dem Sommertreff der s\u00e4chsischen Wirtschaft 2025"},{"@type":"BreadcrumbList","@id":"https:\/\/acsyslaser.com\/fr\/non-classifiee\/acsys-a-la-rencontre-estivale-de-leconomie-saxonne\/#breadcrumb","itemListElement":[{"@type":"ListItem","position":1,"name":"Startseite","item":"https:\/\/acsyslaser.com\/fr\/"},{"@type":"ListItem","position":2,"name":"ACSYS \u00e0 la rencontre estivale de l\u2019\u00e9conomie saxonne"}]},{"@type":"WebSite","@id":"https:\/\/acsyslaser.com\/fr\/#website","url":"https:\/\/acsyslaser.com\/fr\/","name":"ACSYS Lasertechnik GmbH","description":"","publisher":{"@id":"https:\/\/acsyslaser.com\/fr\/#organization"},"potentialAction":[{"@type":"SearchAction","target":{"@type":"EntryPoint","urlTemplate":"https:\/\/acsyslaser.com\/fr\/?s={search_term_string}"},"query-input":{"@type":"PropertyValueSpecification","valueRequired":true,"valueName":"search_term_string"}}],"inLanguage":"fr-FR"},{"@type":"Organization","@id":"https:\/\/acsyslaser.com\/fr\/#organization","name":"ACSYS Lasertechnik GmbH","url":"https:\/\/acsyslaser.com\/fr\/","logo":{"@type":"ImageObject","inLanguage":"fr-FR","@id":"https:\/\/acsyslaser.com\/fr\/#\/schema\/logo\/image\/","url":"https:\/\/acsyslaser.com\/wp-content\/uploads\/logo-acsys-100x20-1.png","contentUrl":"https:\/\/acsyslaser.com\/wp-content\/uploads\/logo-acsys-100x20-1.png","width":100,"height":20,"caption":"ACSYS Lasertechnik GmbH"},"image":{"@id":"https:\/\/acsyslaser.com\/fr\/#\/schema\/logo\/image\/"},"sameAs":["https:\/\/de.linkedin.com\/company\/acsyslaser","https:\/\/www.youtube.com\/user\/ACSYSLaser"]},{"@type":"Person","@id":"https:\/\/acsyslaser.com\/fr\/#\/schema\/person\/9ad54325528a2d211c9c0607dd508498","name":"Annika Ullmerich","image":{"@type":"ImageObject","inLanguage":"fr-FR","@id":"https:\/\/acsyslaser.com\/fr\/#\/schema\/person\/image\/","url":"https:\/\/secure.gravatar.com\/avatar\/801d0c0742a5756787312bde0163313bddd290b48dd72ea68a1a25e5f5aef0eb?s=96&d=mm&r=g","contentUrl":"https:\/\/secure.gravatar.com\/avatar\/801d0c0742a5756787312bde0163313bddd290b48dd72ea68a1a25e5f5aef0eb?s=96&d=mm&r=g","caption":"Annika Ullmerich"}}]}},"publishpress_future_action":{"enabled":false,"date":"2026-05-07 02:15:03","action":"change-status","newStatus":"draft","terms":[],"taxonomy":"category"},"publishpress_future_workflow_manual_trigger":{"enabledWorkflows":[]},"_links":{"self":[{"href":"https:\/\/acsyslaser.com\/fr\/wp-json\/wp\/v2\/posts\/13105","targetHints":{"allow":["GET"]}}],"collection":[{"href":"https:\/\/acsyslaser.com\/fr\/wp-json\/wp\/v2\/posts"}],"about":[{"href":"https:\/\/acsyslaser.com\/fr\/wp-json\/wp\/v2\/types\/post"}],"author":[{"embeddable":true,"href":"https:\/\/acsyslaser.com\/fr\/wp-json\/wp\/v2\/users\/11"}],"replies":[{"embeddable":true,"href":"https:\/\/acsyslaser.com\/fr\/wp-json\/wp\/v2\/comments?post=13105"}],"version-history":[{"count":11,"href":"https:\/\/acsyslaser.com\/fr\/wp-json\/wp\/v2\/posts\/13105\/revisions"}],"predecessor-version":[{"id":13595,"href":"https:\/\/acsyslaser.com\/fr\/wp-json\/wp\/v2\/posts\/13105\/revisions\/13595"}],"wp:featuredmedia":[{"embeddable":true,"href":"https:\/\/acsyslaser.com\/fr\/wp-json\/wp\/v2\/media\/13165"}],"wp:attachment":[{"href":"https:\/\/acsyslaser.com\/fr\/wp-json\/wp\/v2\/media?parent=13105"}],"wp:term":[{"taxonomy":"category","embeddable":true,"href":"https:\/\/acsyslaser.com\/fr\/wp-json\/wp\/v2\/categories?post=13105"},{"taxonomy":"post_tag","embeddable":true,"href":"https:\/\/acsyslaser.com\/fr\/wp-json\/wp\/v2\/tags?post=13105"},{"taxonomy":"industry","embeddable":true,"href":"https:\/\/acsyslaser.com\/fr\/wp-json\/wp\/v2\/industry?post=13105"},{"taxonomy":"process","embeddable":true,"href":"https:\/\/acsyslaser.com\/fr\/wp-json\/wp\/v2\/process?post=13105"}],"curies":[{"name":"wp","href":"https:\/\/api.w.org\/{rel}","templated":true}]}}