{"id":12268,"date":"2025-02-17T15:06:06","date_gmt":"2025-02-17T14:06:06","guid":{"rendered":"https:\/\/acsyslaser.com\/?p=12268"},"modified":"2026-01-08T14:24:10","modified_gmt":"2026-01-08T13:24:10","slug":"trois-nouveaux-visages-dans-lequipe-de-vente","status":"publish","type":"post","link":"https:\/\/acsyslaser.com\/fr\/actualites-presse\/trois-nouveaux-visages-dans-lequipe-de-vente\/","title":{"rendered":"Deux nouveaux visages dans l&rsquo;\u00e9quipe de vente"},"content":{"rendered":"\n<div class=\"wp-block-group alignfull has-global-padding is-layout-constrained wp-block-group-is-layout-constrained\">\n<div class=\"wp-block-group alignfull has-global-padding is-layout-constrained wp-block-group-is-layout-constrained\" style=\"margin-bottom:var(--wp--preset--spacing--60)\">\n<div class=\"wp-block-cover alignfull is-style-mask-bottom\" style=\"min-height:50vh;aspect-ratio:unset;\"><img loading=\"lazy\" decoding=\"async\" width=\"1920\" height=\"1080\" class=\"wp-block-cover__image-background wp-image-12242\" alt=\"Avec Patrick Distler, Josef Hocke et James Martinez, trois experts exp\u00e9riment\u00e9s viennent renforcer notre \u00e9quipe commerciale - pour un service encore meilleur et des solutions personnalis\u00e9es.\" src=\"https:\/\/acsyslaser.com\/wp-content\/uploads\/Vertriebsverstaekung_PD_JH_JM.jpg\" data-object-fit=\"cover\" srcset=\"https:\/\/acsyslaser.com\/wp-content\/uploads\/Vertriebsverstaekung_PD_JH_JM.jpg 1920w, https:\/\/acsyslaser.com\/wp-content\/uploads\/Vertriebsverstaekung_PD_JH_JM-300x169.jpg 300w, https:\/\/acsyslaser.com\/wp-content\/uploads\/Vertriebsverstaekung_PD_JH_JM-1024x576.jpg 1024w, https:\/\/acsyslaser.com\/wp-content\/uploads\/Vertriebsverstaekung_PD_JH_JM-768x432.jpg 768w, https:\/\/acsyslaser.com\/wp-content\/uploads\/Vertriebsverstaekung_PD_JH_JM-1536x864.jpg 1536w\" sizes=\"auto, (max-width: 1920px) 100vw, 1920px\" \/><span aria-hidden=\"true\" class=\"wp-block-cover__background has-background-dim-0 has-background-dim\" style=\"background-color:#a9aba6\"><\/span><div class=\"wp-block-cover__inner-container is-layout-flow wp-block-cover-is-layout-flow\">\n<p class=\"has-text-align-center has-large-font-size\"><\/p>\n<\/div><\/div>\n<\/div>\n\n\n\n<div class=\"wp-block-group alignwide has-global-padding is-layout-constrained wp-container-core-group-is-layout-276bbe63 wp-block-group-is-layout-constrained\" style=\"margin-bottom:var(--wp--preset--spacing--70);padding-right:var(--wp--preset--spacing--30);padding-left:var(--wp--preset--spacing--30)\">\n<h1 class=\"wp-block-heading\">Bienvenue dans l&rsquo;\u00e9quipe :<\/h1>\n\n\n\n<h3 class=\"wp-block-heading\">Nos deux nouveaux experts en vente<\/h3>\n\n\n\n<p>Notre \u00e9quipe de vente s&rsquo;agrandit ! Patrick Distler prend la responsabilit\u00e9 du march\u00e9 bavarois. James Martinez prend en charge les ventes dans l&rsquo;ouest des \u00c9tats-Unis et au Mexique.<\/p>\n\n\n\n<div class=\"wp-block-group has-global-padding is-layout-constrained wp-block-group-is-layout-constrained\">\n<div class=\"wp-block-media-text is-stacked-on-mobile has-secondary-background-color has-background\"><figure class=\"wp-block-media-text__media\"><img loading=\"lazy\" decoding=\"async\" width=\"1024\" height=\"692\" src=\"https:\/\/acsyslaser.com\/wp-content\/uploads\/Patrick_Distler_ACSYS_Ansprechpartner_Sales_Manager_Bayer_2048_1384-1024x692.jpg\" alt=\"Patrick Distler apporte une longue exp\u00e9rience dans le secteur du laser et un savoir-faire approfondi dans les techniques d'impression. Sa pr\u00e9cision et sa passion font de lui le parfait compl\u00e9ment de notre \u00e9quipe - et de nos clients en Bavi\u00e8re\" class=\"wp-image-11839 size-full\" srcset=\"https:\/\/acsyslaser.com\/wp-content\/uploads\/Patrick_Distler_ACSYS_Ansprechpartner_Sales_Manager_Bayer_2048_1384-1024x692.jpg 1024w, https:\/\/acsyslaser.com\/wp-content\/uploads\/Patrick_Distler_ACSYS_Ansprechpartner_Sales_Manager_Bayer_2048_1384-300x203.jpg 300w, https:\/\/acsyslaser.com\/wp-content\/uploads\/Patrick_Distler_ACSYS_Ansprechpartner_Sales_Manager_Bayer_2048_1384-768x519.jpg 768w, https:\/\/acsyslaser.com\/wp-content\/uploads\/Patrick_Distler_ACSYS_Ansprechpartner_Sales_Manager_Bayer_2048_1384-1536x1038.jpg 1536w, https:\/\/acsyslaser.com\/wp-content\/uploads\/Patrick_Distler_ACSYS_Ansprechpartner_Sales_Manager_Bayer_2048_1384.jpg 2048w\" sizes=\"auto, (max-width: 1024px) 100vw, 1024px\" \/><\/figure><div class=\"wp-block-media-text__content\">\n<p><strong>Patrick Distler<\/strong> apporte une longue exp\u00e9rience dans le secteur du laser et un savoir-faire approfondi dans les techniques d&rsquo;impression. Sa pr\u00e9cision et sa passion font de lui le parfait compl\u00e9ment de notre \u00e9quipe &#8211; et de nos clients en Bavi\u00e8re. <\/p>\n<\/div><\/div>\n\n\n\n<div class=\"wp-block-media-text is-stacked-on-mobile is-style-default has-secondary-background-color has-background\"><figure class=\"wp-block-media-text__media\"><img loading=\"lazy\" decoding=\"async\" width=\"1024\" height=\"692\" src=\"https:\/\/acsyslaser.com\/wp-content\/uploads\/James_Martinez_ACSYS_Ansprechpartner_USA_Sales_Manager_West_2048_1384-1024x692.jpg\" alt=\"James Martinez a pr\u00e8s de dix ans d'exp\u00e9rience dans la technologie laser chez ACSYS US Inc. Sa d\u00e9termination et sa fiabilit\u00e9 font de lui un partenaire solide pour les clients de l'ouest des \u00c9tats-Unis et du Mexique - en particulier dans les secteurs de l'outillage, des moules et des armes \u00e0 feu.\" class=\"wp-image-11850 size-full\" srcset=\"https:\/\/acsyslaser.com\/wp-content\/uploads\/James_Martinez_ACSYS_Ansprechpartner_USA_Sales_Manager_West_2048_1384-1024x692.jpg 1024w, https:\/\/acsyslaser.com\/wp-content\/uploads\/James_Martinez_ACSYS_Ansprechpartner_USA_Sales_Manager_West_2048_1384-300x203.jpg 300w, https:\/\/acsyslaser.com\/wp-content\/uploads\/James_Martinez_ACSYS_Ansprechpartner_USA_Sales_Manager_West_2048_1384-768x519.jpg 768w, https:\/\/acsyslaser.com\/wp-content\/uploads\/James_Martinez_ACSYS_Ansprechpartner_USA_Sales_Manager_West_2048_1384-1536x1038.jpg 1536w, https:\/\/acsyslaser.com\/wp-content\/uploads\/James_Martinez_ACSYS_Ansprechpartner_USA_Sales_Manager_West_2048_1384.jpg 2048w\" sizes=\"auto, (max-width: 1024px) 100vw, 1024px\" \/><\/figure><div class=\"wp-block-media-text__content\">\n<p><strong>James Martinez <\/strong>a pr\u00e8s de dix ans d&rsquo;exp\u00e9rience dans la technologie laser chez ACSYS US Inc. Sa d\u00e9termination et sa fiabilit\u00e9 font de lui un partenaire solide pour les clients de l&rsquo;ouest des \u00c9tats-Unis et du Mexique &#8211; en particulier dans les secteurs de l&rsquo;outillage, des moules et des armes \u00e0 feu. <\/p>\n<\/div><\/div>\n<\/div>\n<\/div>\n\n\n\n<p>Nous sommes impatients de travailler avec vous et souhaitons \u00e0 nos nouveaux coll\u00e8gues un bon d\u00e9part !<\/p>\n\n\n\n<div class=\"wp-block-group alignfull is-style-overlapping-behind has-global-padding is-layout-constrained wp-container-core-group-is-layout-3730fa20 wp-block-group-is-layout-constrained\" style=\"margin-bottom:var(--wp--preset--spacing--60);padding-top:0;padding-right:0;padding-bottom:0;padding-left:0\">\n<div class=\"wp-block-group alignfull is-style-mask-top has-secondary-background-color has-background has-global-padding is-layout-constrained wp-block-group-is-layout-constrained\" style=\"margin-top:0;margin-bottom:0;padding-top:var(--wp--preset--spacing--70)\"><\/div>\n\n\n\n<div class=\"wp-block-group alignfull is-style-default has-secondary-background-color has-background has-global-padding is-layout-constrained wp-container-core-group-is-layout-9eb6751a wp-block-group-is-layout-constrained\" style=\"margin-top:0;margin-bottom:0;padding-top:var(--wp--preset--spacing--50);padding-right:var(--wp--preset--spacing--30);padding-bottom:var(--wp--preset--spacing--50);padding-left:var(--wp--preset--spacing--30)\">\n<h2 class=\"wp-block-heading has-text-align-center\">Vous cherchez votre interlocuteur personnel ?<\/h2>\n\n\n\n<p class=\"has-text-align-center\">Nos experts ACSYS se feront un plaisir de r\u00e9pondre \u00e0 vos questions.<\/p>\n\n\n\n<div class=\"wp-block-buttons is-content-justification-center is-layout-flex wp-container-core-buttons-is-layout-a89b3969 wp-block-buttons-is-layout-flex\">\n<div class=\"wp-block-button\"><a class=\"wp-block-button__link has-text-align-center wp-element-button\" href=\"https:\/\/acsyslaser.com\/fr\/contacter\/personne-a-contacter\/\">Trouver un contact<\/a><\/div>\n<\/div>\n<\/div>\n<\/div>\n<\/div>\n","protected":false},"excerpt":{"rendered":"<p>Avec Patrick Distler et James Martinez, deux experts exp\u00e9riment\u00e9s viennent renforcer notre \u00e9quipe commerciale &#8211; pour un service encore meilleur et des solutions personnalis\u00e9es.<\/p>\n","protected":false},"author":4,"featured_media":15289,"comment_status":"closed","ping_status":"closed","sticky":false,"template":"","format":"standard","meta":{"_acf_changed":false,"inline_featured_image":false,"footnotes":""},"categories":[191],"tags":[],"industry":[],"process":[],"class_list":["post-12268","post","type-post","status-publish","format-standard","has-post-thumbnail","hentry","category-actualites-presse"],"acf":[],"yoast_head":"<!-- This site is optimized with the Yoast SEO plugin v26.9 - https:\/\/yoast.com\/product\/yoast-seo-wordpress\/ -->\n<title>Deux nouveaux visages dans l&#039;\u00e9quipe de vente - ACSYS Lasertechnik GmbH<\/title>\n<meta name=\"description\" content=\"Bienvenue dans l&#039;\u00e9quipe : Patrick Distler, Josef Hocke et James Martinez, trois experts exp\u00e9riment\u00e9s, viennent renforcer notre \u00e9quipe commerciale.\" \/>\n<meta name=\"robots\" content=\"index, follow, max-snippet:-1, max-image-preview:large, max-video-preview:-1\" \/>\n<link rel=\"canonical\" href=\"https:\/\/acsyslaser.com\/fr\/actualites-presse\/trois-nouveaux-visages-dans-lequipe-de-vente\/\" \/>\n<meta property=\"og:locale\" content=\"fr_FR\" \/>\n<meta property=\"og:type\" content=\"article\" \/>\n<meta property=\"og:title\" content=\"Deux nouveaux visages dans l&#039;\u00e9quipe de vente - ACSYS Lasertechnik GmbH\" \/>\n<meta property=\"og:description\" content=\"Bienvenue dans l&#039;\u00e9quipe : Patrick Distler, Josef Hocke et James Martinez, trois experts exp\u00e9riment\u00e9s, viennent renforcer notre \u00e9quipe commerciale.\" \/>\n<meta property=\"og:url\" content=\"https:\/\/acsyslaser.com\/fr\/actualites-presse\/trois-nouveaux-visages-dans-lequipe-de-vente\/\" \/>\n<meta property=\"og:site_name\" content=\"ACSYS Lasertechnik GmbH\" \/>\n<meta property=\"article:published_time\" content=\"2025-02-17T14:06:06+00:00\" \/>\n<meta property=\"article:modified_time\" content=\"2026-01-08T13:24:10+00:00\" \/>\n<meta property=\"og:image\" content=\"https:\/\/acsyslaser.com\/wp-content\/uploads\/Vertriebsverstaekung_PD_JH_JM.jpg\" \/>\n\t<meta property=\"og:image:width\" content=\"1920\" \/>\n\t<meta property=\"og:image:height\" content=\"1080\" \/>\n\t<meta property=\"og:image:type\" content=\"image\/jpeg\" \/>\n<meta name=\"author\" content=\"Benjamin Breidt\" \/>\n<meta name=\"twitter:card\" content=\"summary_large_image\" \/>\n<meta name=\"twitter:label1\" content=\"\u00c9crit par\" \/>\n\t<meta name=\"twitter:data1\" content=\"Benjamin Breidt\" \/>\n\t<meta name=\"twitter:label2\" content=\"Dur\u00e9e de lecture estim\u00e9e\" \/>\n\t<meta name=\"twitter:data2\" content=\"2 minutes\" \/>\n<script type=\"application\/ld+json\" class=\"yoast-schema-graph\">{\"@context\":\"https:\/\/schema.org\",\"@graph\":[{\"@type\":\"Article\",\"@id\":\"https:\/\/acsyslaser.com\/fr\/actualites-presse\/trois-nouveaux-visages-dans-lequipe-de-vente\/#article\",\"isPartOf\":{\"@id\":\"https:\/\/acsyslaser.com\/fr\/actualites-presse\/trois-nouveaux-visages-dans-lequipe-de-vente\/\"},\"author\":{\"name\":\"Benjamin Breidt\",\"@id\":\"https:\/\/acsyslaser.com\/fr\/#\/schema\/person\/f7b32bf06ef0e1505585f1d6a1ae61bd\"},\"headline\":\"Deux nouveaux visages dans l&rsquo;\u00e9quipe de vente\",\"datePublished\":\"2025-02-17T14:06:06+00:00\",\"dateModified\":\"2026-01-08T13:24:10+00:00\",\"mainEntityOfPage\":{\"@id\":\"https:\/\/acsyslaser.com\/fr\/actualites-presse\/trois-nouveaux-visages-dans-lequipe-de-vente\/\"},\"wordCount\":186,\"publisher\":{\"@id\":\"https:\/\/acsyslaser.com\/fr\/#organization\"},\"image\":{\"@id\":\"https:\/\/acsyslaser.com\/fr\/actualites-presse\/trois-nouveaux-visages-dans-lequipe-de-vente\/#primaryimage\"},\"thumbnailUrl\":\"https:\/\/acsyslaser.com\/wp-content\/uploads\/update-25-Vertriebsverstaekung_PD_JM-vorschaubild.jpg\",\"articleSection\":[\"Actualit\u00e9s &amp; Presse\"],\"inLanguage\":\"fr-FR\"},{\"@type\":\"WebPage\",\"@id\":\"https:\/\/acsyslaser.com\/fr\/actualites-presse\/trois-nouveaux-visages-dans-lequipe-de-vente\/\",\"url\":\"https:\/\/acsyslaser.com\/fr\/actualites-presse\/trois-nouveaux-visages-dans-lequipe-de-vente\/\",\"name\":\"Deux nouveaux visages dans l'\u00e9quipe de vente - ACSYS Lasertechnik GmbH\",\"isPartOf\":{\"@id\":\"https:\/\/acsyslaser.com\/fr\/#website\"},\"primaryImageOfPage\":{\"@id\":\"https:\/\/acsyslaser.com\/fr\/actualites-presse\/trois-nouveaux-visages-dans-lequipe-de-vente\/#primaryimage\"},\"image\":{\"@id\":\"https:\/\/acsyslaser.com\/fr\/actualites-presse\/trois-nouveaux-visages-dans-lequipe-de-vente\/#primaryimage\"},\"thumbnailUrl\":\"https:\/\/acsyslaser.com\/wp-content\/uploads\/update-25-Vertriebsverstaekung_PD_JM-vorschaubild.jpg\",\"datePublished\":\"2025-02-17T14:06:06+00:00\",\"dateModified\":\"2026-01-08T13:24:10+00:00\",\"description\":\"Bienvenue dans l'\u00e9quipe : Patrick Distler, Josef Hocke et James Martinez, trois experts exp\u00e9riment\u00e9s, viennent renforcer notre \u00e9quipe commerciale.\",\"breadcrumb\":{\"@id\":\"https:\/\/acsyslaser.com\/fr\/actualites-presse\/trois-nouveaux-visages-dans-lequipe-de-vente\/#breadcrumb\"},\"inLanguage\":\"fr-FR\",\"potentialAction\":[{\"@type\":\"ReadAction\",\"target\":[\"https:\/\/acsyslaser.com\/fr\/actualites-presse\/trois-nouveaux-visages-dans-lequipe-de-vente\/\"]}]},{\"@type\":\"ImageObject\",\"inLanguage\":\"fr-FR\",\"@id\":\"https:\/\/acsyslaser.com\/fr\/actualites-presse\/trois-nouveaux-visages-dans-lequipe-de-vente\/#primaryimage\",\"url\":\"https:\/\/acsyslaser.com\/wp-content\/uploads\/update-25-Vertriebsverstaekung_PD_JM-vorschaubild.jpg\",\"contentUrl\":\"https:\/\/acsyslaser.com\/wp-content\/uploads\/update-25-Vertriebsverstaekung_PD_JM-vorschaubild.jpg\",\"width\":1920,\"height\":1080,\"caption\":\"Vertriebsverst\u00e4rkung\u00a0\u2013 Patrick Distler Bayern, James Martinez USA\"},{\"@type\":\"BreadcrumbList\",\"@id\":\"https:\/\/acsyslaser.com\/fr\/actualites-presse\/trois-nouveaux-visages-dans-lequipe-de-vente\/#breadcrumb\",\"itemListElement\":[{\"@type\":\"ListItem\",\"position\":1,\"name\":\"Startseite\",\"item\":\"https:\/\/acsyslaser.com\/fr\/\"},{\"@type\":\"ListItem\",\"position\":2,\"name\":\"Deux nouveaux visages dans l&#8217;\u00e9quipe de vente\"}]},{\"@type\":\"WebSite\",\"@id\":\"https:\/\/acsyslaser.com\/fr\/#website\",\"url\":\"https:\/\/acsyslaser.com\/fr\/\",\"name\":\"ACSYS Lasertechnik GmbH\",\"description\":\"\",\"publisher\":{\"@id\":\"https:\/\/acsyslaser.com\/fr\/#organization\"},\"potentialAction\":[{\"@type\":\"SearchAction\",\"target\":{\"@type\":\"EntryPoint\",\"urlTemplate\":\"https:\/\/acsyslaser.com\/fr\/?s={search_term_string}\"},\"query-input\":{\"@type\":\"PropertyValueSpecification\",\"valueRequired\":true,\"valueName\":\"search_term_string\"}}],\"inLanguage\":\"fr-FR\"},{\"@type\":\"Organization\",\"@id\":\"https:\/\/acsyslaser.com\/fr\/#organization\",\"name\":\"ACSYS Lasertechnik GmbH\",\"url\":\"https:\/\/acsyslaser.com\/fr\/\",\"logo\":{\"@type\":\"ImageObject\",\"inLanguage\":\"fr-FR\",\"@id\":\"https:\/\/acsyslaser.com\/fr\/#\/schema\/logo\/image\/\",\"url\":\"https:\/\/acsyslaser.com\/wp-content\/uploads\/logo-acsys-100x20-1.png\",\"contentUrl\":\"https:\/\/acsyslaser.com\/wp-content\/uploads\/logo-acsys-100x20-1.png\",\"width\":100,\"height\":20,\"caption\":\"ACSYS Lasertechnik GmbH\"},\"image\":{\"@id\":\"https:\/\/acsyslaser.com\/fr\/#\/schema\/logo\/image\/\"},\"sameAs\":[\"https:\/\/de.linkedin.com\/company\/acsyslaser\",\"https:\/\/www.youtube.com\/user\/ACSYSLaser\"]},{\"@type\":\"Person\",\"@id\":\"https:\/\/acsyslaser.com\/fr\/#\/schema\/person\/f7b32bf06ef0e1505585f1d6a1ae61bd\",\"name\":\"Benjamin Breidt\",\"image\":{\"@type\":\"ImageObject\",\"inLanguage\":\"fr-FR\",\"@id\":\"https:\/\/acsyslaser.com\/fr\/#\/schema\/person\/image\/\",\"url\":\"https:\/\/secure.gravatar.com\/avatar\/459f773f59f34e5ff7c765e18c3e43b213105fef447a6d0ed14cfef9e7a8c9e7?s=96&d=mm&r=g\",\"contentUrl\":\"https:\/\/secure.gravatar.com\/avatar\/459f773f59f34e5ff7c765e18c3e43b213105fef447a6d0ed14cfef9e7a8c9e7?s=96&d=mm&r=g\",\"caption\":\"Benjamin Breidt\"},\"sameAs\":[\"https:\/\/www.acsys.de\"]}]}<\/script>\n<!-- \/ Yoast SEO plugin. -->","yoast_head_json":{"title":"Deux nouveaux visages dans l'\u00e9quipe de vente - ACSYS Lasertechnik GmbH","description":"Bienvenue dans l'\u00e9quipe : Patrick Distler, Josef Hocke et James Martinez, trois experts exp\u00e9riment\u00e9s, viennent renforcer notre \u00e9quipe commerciale.","robots":{"index":"index","follow":"follow","max-snippet":"max-snippet:-1","max-image-preview":"max-image-preview:large","max-video-preview":"max-video-preview:-1"},"canonical":"https:\/\/acsyslaser.com\/fr\/actualites-presse\/trois-nouveaux-visages-dans-lequipe-de-vente\/","og_locale":"fr_FR","og_type":"article","og_title":"Deux nouveaux visages dans l'\u00e9quipe de vente - ACSYS Lasertechnik GmbH","og_description":"Bienvenue dans l'\u00e9quipe : Patrick Distler, Josef Hocke et James Martinez, trois experts exp\u00e9riment\u00e9s, viennent renforcer notre \u00e9quipe commerciale.","og_url":"https:\/\/acsyslaser.com\/fr\/actualites-presse\/trois-nouveaux-visages-dans-lequipe-de-vente\/","og_site_name":"ACSYS Lasertechnik GmbH","article_published_time":"2025-02-17T14:06:06+00:00","article_modified_time":"2026-01-08T13:24:10+00:00","og_image":[{"width":1920,"height":1080,"url":"https:\/\/acsyslaser.com\/wp-content\/uploads\/Vertriebsverstaekung_PD_JH_JM.jpg","type":"image\/jpeg"}],"author":"Benjamin Breidt","twitter_card":"summary_large_image","twitter_misc":{"\u00c9crit par":"Benjamin Breidt","Dur\u00e9e de lecture estim\u00e9e":"2 minutes"},"schema":{"@context":"https:\/\/schema.org","@graph":[{"@type":"Article","@id":"https:\/\/acsyslaser.com\/fr\/actualites-presse\/trois-nouveaux-visages-dans-lequipe-de-vente\/#article","isPartOf":{"@id":"https:\/\/acsyslaser.com\/fr\/actualites-presse\/trois-nouveaux-visages-dans-lequipe-de-vente\/"},"author":{"name":"Benjamin Breidt","@id":"https:\/\/acsyslaser.com\/fr\/#\/schema\/person\/f7b32bf06ef0e1505585f1d6a1ae61bd"},"headline":"Deux nouveaux visages dans l&rsquo;\u00e9quipe de vente","datePublished":"2025-02-17T14:06:06+00:00","dateModified":"2026-01-08T13:24:10+00:00","mainEntityOfPage":{"@id":"https:\/\/acsyslaser.com\/fr\/actualites-presse\/trois-nouveaux-visages-dans-lequipe-de-vente\/"},"wordCount":186,"publisher":{"@id":"https:\/\/acsyslaser.com\/fr\/#organization"},"image":{"@id":"https:\/\/acsyslaser.com\/fr\/actualites-presse\/trois-nouveaux-visages-dans-lequipe-de-vente\/#primaryimage"},"thumbnailUrl":"https:\/\/acsyslaser.com\/wp-content\/uploads\/update-25-Vertriebsverstaekung_PD_JM-vorschaubild.jpg","articleSection":["Actualit\u00e9s &amp; Presse"],"inLanguage":"fr-FR"},{"@type":"WebPage","@id":"https:\/\/acsyslaser.com\/fr\/actualites-presse\/trois-nouveaux-visages-dans-lequipe-de-vente\/","url":"https:\/\/acsyslaser.com\/fr\/actualites-presse\/trois-nouveaux-visages-dans-lequipe-de-vente\/","name":"Deux nouveaux visages dans l'\u00e9quipe de vente - ACSYS Lasertechnik GmbH","isPartOf":{"@id":"https:\/\/acsyslaser.com\/fr\/#website"},"primaryImageOfPage":{"@id":"https:\/\/acsyslaser.com\/fr\/actualites-presse\/trois-nouveaux-visages-dans-lequipe-de-vente\/#primaryimage"},"image":{"@id":"https:\/\/acsyslaser.com\/fr\/actualites-presse\/trois-nouveaux-visages-dans-lequipe-de-vente\/#primaryimage"},"thumbnailUrl":"https:\/\/acsyslaser.com\/wp-content\/uploads\/update-25-Vertriebsverstaekung_PD_JM-vorschaubild.jpg","datePublished":"2025-02-17T14:06:06+00:00","dateModified":"2026-01-08T13:24:10+00:00","description":"Bienvenue dans l'\u00e9quipe : Patrick Distler, Josef Hocke et James Martinez, trois experts exp\u00e9riment\u00e9s, viennent renforcer notre \u00e9quipe commerciale.","breadcrumb":{"@id":"https:\/\/acsyslaser.com\/fr\/actualites-presse\/trois-nouveaux-visages-dans-lequipe-de-vente\/#breadcrumb"},"inLanguage":"fr-FR","potentialAction":[{"@type":"ReadAction","target":["https:\/\/acsyslaser.com\/fr\/actualites-presse\/trois-nouveaux-visages-dans-lequipe-de-vente\/"]}]},{"@type":"ImageObject","inLanguage":"fr-FR","@id":"https:\/\/acsyslaser.com\/fr\/actualites-presse\/trois-nouveaux-visages-dans-lequipe-de-vente\/#primaryimage","url":"https:\/\/acsyslaser.com\/wp-content\/uploads\/update-25-Vertriebsverstaekung_PD_JM-vorschaubild.jpg","contentUrl":"https:\/\/acsyslaser.com\/wp-content\/uploads\/update-25-Vertriebsverstaekung_PD_JM-vorschaubild.jpg","width":1920,"height":1080,"caption":"Vertriebsverst\u00e4rkung\u00a0\u2013 Patrick Distler Bayern, James Martinez USA"},{"@type":"BreadcrumbList","@id":"https:\/\/acsyslaser.com\/fr\/actualites-presse\/trois-nouveaux-visages-dans-lequipe-de-vente\/#breadcrumb","itemListElement":[{"@type":"ListItem","position":1,"name":"Startseite","item":"https:\/\/acsyslaser.com\/fr\/"},{"@type":"ListItem","position":2,"name":"Deux nouveaux visages dans l&#8217;\u00e9quipe de vente"}]},{"@type":"WebSite","@id":"https:\/\/acsyslaser.com\/fr\/#website","url":"https:\/\/acsyslaser.com\/fr\/","name":"ACSYS Lasertechnik GmbH","description":"","publisher":{"@id":"https:\/\/acsyslaser.com\/fr\/#organization"},"potentialAction":[{"@type":"SearchAction","target":{"@type":"EntryPoint","urlTemplate":"https:\/\/acsyslaser.com\/fr\/?s={search_term_string}"},"query-input":{"@type":"PropertyValueSpecification","valueRequired":true,"valueName":"search_term_string"}}],"inLanguage":"fr-FR"},{"@type":"Organization","@id":"https:\/\/acsyslaser.com\/fr\/#organization","name":"ACSYS Lasertechnik GmbH","url":"https:\/\/acsyslaser.com\/fr\/","logo":{"@type":"ImageObject","inLanguage":"fr-FR","@id":"https:\/\/acsyslaser.com\/fr\/#\/schema\/logo\/image\/","url":"https:\/\/acsyslaser.com\/wp-content\/uploads\/logo-acsys-100x20-1.png","contentUrl":"https:\/\/acsyslaser.com\/wp-content\/uploads\/logo-acsys-100x20-1.png","width":100,"height":20,"caption":"ACSYS Lasertechnik GmbH"},"image":{"@id":"https:\/\/acsyslaser.com\/fr\/#\/schema\/logo\/image\/"},"sameAs":["https:\/\/de.linkedin.com\/company\/acsyslaser","https:\/\/www.youtube.com\/user\/ACSYSLaser"]},{"@type":"Person","@id":"https:\/\/acsyslaser.com\/fr\/#\/schema\/person\/f7b32bf06ef0e1505585f1d6a1ae61bd","name":"Benjamin Breidt","image":{"@type":"ImageObject","inLanguage":"fr-FR","@id":"https:\/\/acsyslaser.com\/fr\/#\/schema\/person\/image\/","url":"https:\/\/secure.gravatar.com\/avatar\/459f773f59f34e5ff7c765e18c3e43b213105fef447a6d0ed14cfef9e7a8c9e7?s=96&d=mm&r=g","contentUrl":"https:\/\/secure.gravatar.com\/avatar\/459f773f59f34e5ff7c765e18c3e43b213105fef447a6d0ed14cfef9e7a8c9e7?s=96&d=mm&r=g","caption":"Benjamin Breidt"},"sameAs":["https:\/\/www.acsys.de"]}]}},"publishpress_future_action":{"enabled":false,"date":"2026-05-06 21:24:32","action":"change-status","newStatus":"draft","terms":[],"taxonomy":"category"},"publishpress_future_workflow_manual_trigger":{"enabledWorkflows":[]},"_links":{"self":[{"href":"https:\/\/acsyslaser.com\/fr\/wp-json\/wp\/v2\/posts\/12268","targetHints":{"allow":["GET"]}}],"collection":[{"href":"https:\/\/acsyslaser.com\/fr\/wp-json\/wp\/v2\/posts"}],"about":[{"href":"https:\/\/acsyslaser.com\/fr\/wp-json\/wp\/v2\/types\/post"}],"author":[{"embeddable":true,"href":"https:\/\/acsyslaser.com\/fr\/wp-json\/wp\/v2\/users\/4"}],"replies":[{"embeddable":true,"href":"https:\/\/acsyslaser.com\/fr\/wp-json\/wp\/v2\/comments?post=12268"}],"version-history":[{"count":8,"href":"https:\/\/acsyslaser.com\/fr\/wp-json\/wp\/v2\/posts\/12268\/revisions"}],"predecessor-version":[{"id":15223,"href":"https:\/\/acsyslaser.com\/fr\/wp-json\/wp\/v2\/posts\/12268\/revisions\/15223"}],"wp:featuredmedia":[{"embeddable":true,"href":"https:\/\/acsyslaser.com\/fr\/wp-json\/wp\/v2\/media\/15289"}],"wp:attachment":[{"href":"https:\/\/acsyslaser.com\/fr\/wp-json\/wp\/v2\/media?parent=12268"}],"wp:term":[{"taxonomy":"category","embeddable":true,"href":"https:\/\/acsyslaser.com\/fr\/wp-json\/wp\/v2\/categories?post=12268"},{"taxonomy":"post_tag","embeddable":true,"href":"https:\/\/acsyslaser.com\/fr\/wp-json\/wp\/v2\/tags?post=12268"},{"taxonomy":"industry","embeddable":true,"href":"https:\/\/acsyslaser.com\/fr\/wp-json\/wp\/v2\/industry?post=12268"},{"taxonomy":"process","embeddable":true,"href":"https:\/\/acsyslaser.com\/fr\/wp-json\/wp\/v2\/process?post=12268"}],"curies":[{"name":"wp","href":"https:\/\/api.w.org\/{rel}","templated":true}]}}